{"@context":"https:\/\/schema.org\/","@type":"CollectionPage","@id":"https:\/\/www.cadd.cz\/byznys\/#CollectionPage","headline":"Byznys Category","description":"","url":"https:\/\/www.cadd.cz\/byznys\/","hasPart":[{"@type":"Article","@id":"https:\/\/www.cadd.cz\/nelamte-si-hlavu\/","headline":"Nelamte si hlavu","url":"https:\/\/www.cadd.cz\/nelamte-si-hlavu\/","datePublished":"2023-08-20","dateModified":"2023-09-20","mainEntityOfPage":"https:\/\/www.cadd.cz\/nelamte-si-hlavu\/","author":{"@type":"Person","@id":"https:\/\/www.cadd.cz\/author\/#Person","name":"","url":"https:\/\/www.cadd.cz\/author\/","identifier":1,"image":{"@type":"ImageObject","@id":"https:\/\/secure.gravatar.com\/avatar\/8eaf08ef5a7e54fc91db02b2058b03bc913caaaa39c046819bbf43d06bd23c2b?s=96&d=mm&r=g","url":"https:\/\/secure.gravatar.com\/avatar\/8eaf08ef5a7e54fc91db02b2058b03bc913caaaa39c046819bbf43d06bd23c2b?s=96&d=mm&r=g","height":96,"width":96}},"publisher":{"@type":"Organization","name":"cadd.cz","logo":{"@type":"ImageObject","@id":"\/logo.png","url":"\/logo.png","width":600,"height":60}},"image":{"@type":"ImageObject","@id":"https:\/\/www.cadd.cz\/wp-content\/uploads\/kouzlo_2.jpg","url":"https:\/\/www.cadd.cz\/wp-content\/uploads\/kouzlo_2.jpg","height":0,"width":0},"keywords":null},{"@type":"Article","@id":"https:\/\/www.cadd.cz\/propagujte-detske-letni-tabory-na-internetu\/","headline":"Propagujte d\u011btsk\u00e9 letn\u00ed t\u00e1bory na Internetu","url":"https:\/\/www.cadd.cz\/propagujte-detske-letni-tabory-na-internetu\/","datePublished":"2023-08-14","dateModified":"2023-09-14","mainEntityOfPage":"https:\/\/www.cadd.cz\/propagujte-detske-letni-tabory-na-internetu\/","author":{"@type":"Person","@id":"https:\/\/www.cadd.cz\/author\/#Person","name":"","url":"https:\/\/www.cadd.cz\/author\/","identifier":1,"image":{"@type":"ImageObject","@id":"https:\/\/secure.gravatar.com\/avatar\/8eaf08ef5a7e54fc91db02b2058b03bc913caaaa39c046819bbf43d06bd23c2b?s=96&d=mm&r=g","url":"https:\/\/secure.gravatar.com\/avatar\/8eaf08ef5a7e54fc91db02b2058b03bc913caaaa39c046819bbf43d06bd23c2b?s=96&d=mm&r=g","height":96,"width":96}},"publisher":{"@type":"Organization","name":"cadd.cz","logo":{"@type":"ImageObject","@id":"\/logo.png","url":"\/logo.png","width":600,"height":60}},"image":{"@type":"ImageObject","@id":"https:\/\/www.cadd.cz\/wp-content\/uploads\/online-marketing-1246457_640_10_2.jpg","url":"https:\/\/www.cadd.cz\/wp-content\/uploads\/online-marketing-1246457_640_10_2.jpg","height":0,"width":0},"keywords":null},{"@type":"Article","@id":"https:\/\/www.cadd.cz\/jak-najit-rychle-na-internetu-autoservis-s-vymenou-autoskel\/","headline":"Jak naj\u00edt rychle na Internetu autoservis s v\u00fdm\u011bnou autoskel","url":"https:\/\/www.cadd.cz\/jak-najit-rychle-na-internetu-autoservis-s-vymenou-autoskel\/","datePublished":"2023-08-14","dateModified":"2023-08-14","mainEntityOfPage":"https:\/\/www.cadd.cz\/jak-najit-rychle-na-internetu-autoservis-s-vymenou-autoskel\/","author":{"@type":"Person","@id":"https:\/\/www.cadd.cz\/author\/#Person","name":"","url":"https:\/\/www.cadd.cz\/author\/","identifier":1,"image":{"@type":"ImageObject","@id":"https:\/\/secure.gravatar.com\/avatar\/8eaf08ef5a7e54fc91db02b2058b03bc913caaaa39c046819bbf43d06bd23c2b?s=96&d=mm&r=g","url":"https:\/\/secure.gravatar.com\/avatar\/8eaf08ef5a7e54fc91db02b2058b03bc913caaaa39c046819bbf43d06bd23c2b?s=96&d=mm&r=g","height":96,"width":96}},"publisher":{"@type":"Organization","name":"cadd.cz","logo":{"@type":"ImageObject","@id":"\/logo.png","url":"\/logo.png","width":600,"height":60}},"image":{"@type":"ImageObject","@id":"https:\/\/www.cadd.cz\/wp-content\/uploads\/structure-620304_640_1.jpg","url":"https:\/\/www.cadd.cz\/wp-content\/uploads\/structure-620304_640_1.jpg","height":0,"width":0},"keywords":null},{"@type":"Article","@id":"https:\/\/www.cadd.cz\/kde-vas-najdou\/","headline":"Kde v\u00e1s najdou?","url":"https:\/\/www.cadd.cz\/kde-vas-najdou\/","datePublished":"2023-08-10","dateModified":"2023-10-23","mainEntityOfPage":"https:\/\/www.cadd.cz\/kde-vas-najdou\/","author":{"@type":"Person","@id":"https:\/\/www.cadd.cz\/author\/#Person","name":"","url":"https:\/\/www.cadd.cz\/author\/","identifier":1,"image":{"@type":"ImageObject","@id":"https:\/\/secure.gravatar.com\/avatar\/8eaf08ef5a7e54fc91db02b2058b03bc913caaaa39c046819bbf43d06bd23c2b?s=96&d=mm&r=g","url":"https:\/\/secure.gravatar.com\/avatar\/8eaf08ef5a7e54fc91db02b2058b03bc913caaaa39c046819bbf43d06bd23c2b?s=96&d=mm&r=g","height":96,"width":96}},"publisher":{"@type":"Organization","name":"cadd.cz","logo":{"@type":"ImageObject","@id":"\/logo.png","url":"\/logo.png","width":600,"height":60}},"image":{"@type":"ImageObject","@id":"https:\/\/www.cadd.cz\/wp-content\/uploads\/office-2607607_640_1.jpg","url":"https:\/\/www.cadd.cz\/wp-content\/uploads\/office-2607607_640_1.jpg","height":0,"width":0},"keywords":null},{"@type":"Article","@id":"https:\/\/www.cadd.cz\/good-gun\/","headline":"Good gun","url":"https:\/\/www.cadd.cz\/good-gun\/","datePublished":"2023-07-23","dateModified":"2023-08-23","mainEntityOfPage":"https:\/\/www.cadd.cz\/good-gun\/","author":{"@type":"Person","@id":"https:\/\/www.cadd.cz\/author\/#Person","name":"","url":"https:\/\/www.cadd.cz\/author\/","identifier":1,"image":{"@type":"ImageObject","@id":"https:\/\/secure.gravatar.com\/avatar\/8eaf08ef5a7e54fc91db02b2058b03bc913caaaa39c046819bbf43d06bd23c2b?s=96&d=mm&r=g","url":"https:\/\/secure.gravatar.com\/avatar\/8eaf08ef5a7e54fc91db02b2058b03bc913caaaa39c046819bbf43d06bd23c2b?s=96&d=mm&r=g","height":96,"width":96}},"publisher":{"@type":"Organization","name":"cadd.cz","logo":{"@type":"ImageObject","@id":"\/logo.png","url":"\/logo.png","width":600,"height":60}},"image":{"@type":"ImageObject","@id":"https:\/\/www.cadd.cz\/wp-content\/uploads\/army-2991940_1280.jpg","url":"https:\/\/www.cadd.cz\/wp-content\/uploads\/army-2991940_1280.jpg","height":0,"width":0},"keywords":null},{"@type":"Article","@id":"https:\/\/www.cadd.cz\/svatbu-oslavte-radeji-venku\/","headline":"Svatbu oslavte rad\u011bji venku","url":"https:\/\/www.cadd.cz\/svatbu-oslavte-radeji-venku\/","datePublished":"2023-07-20","dateModified":"2023-09-20","mainEntityOfPage":"https:\/\/www.cadd.cz\/svatbu-oslavte-radeji-venku\/","author":{"@type":"Person","@id":"https:\/\/www.cadd.cz\/author\/#Person","name":"","url":"https:\/\/www.cadd.cz\/author\/","identifier":1,"image":{"@type":"ImageObject","@id":"https:\/\/secure.gravatar.com\/avatar\/8eaf08ef5a7e54fc91db02b2058b03bc913caaaa39c046819bbf43d06bd23c2b?s=96&d=mm&r=g","url":"https:\/\/secure.gravatar.com\/avatar\/8eaf08ef5a7e54fc91db02b2058b03bc913caaaa39c046819bbf43d06bd23c2b?s=96&d=mm&r=g","height":96,"width":96}},"publisher":{"@type":"Organization","name":"cadd.cz","logo":{"@type":"ImageObject","@id":"\/logo.png","url":"\/logo.png","width":600,"height":60}},"image":{"@type":"ImageObject","@id":"https:\/\/www.cadd.cz\/wp-content\/uploads\/wedding-2595862_640.jpg","url":"https:\/\/www.cadd.cz\/wp-content\/uploads\/wedding-2595862_640.jpg","height":0,"width":0},"keywords":null},{"@type":"Article","@id":"https:\/\/www.cadd.cz\/chcete-mit-svou-s-r-o\/","headline":"Chcete m\u00edt svou s.r.o?","url":"https:\/\/www.cadd.cz\/chcete-mit-svou-s-r-o\/","datePublished":"2023-07-18","dateModified":"2023-08-18","mainEntityOfPage":"https:\/\/www.cadd.cz\/chcete-mit-svou-s-r-o\/","author":{"@type":"Person","@id":"https:\/\/www.cadd.cz\/author\/#Person","name":"","url":"https:\/\/www.cadd.cz\/author\/","identifier":1,"image":{"@type":"ImageObject","@id":"https:\/\/secure.gravatar.com\/avatar\/8eaf08ef5a7e54fc91db02b2058b03bc913caaaa39c046819bbf43d06bd23c2b?s=96&d=mm&r=g","url":"https:\/\/secure.gravatar.com\/avatar\/8eaf08ef5a7e54fc91db02b2058b03bc913caaaa39c046819bbf43d06bd23c2b?s=96&d=mm&r=g","height":96,"width":96}},"publisher":{"@type":"Organization","name":"cadd.cz","logo":{"@type":"ImageObject","@id":"\/logo.png","url":"\/logo.png","width":600,"height":60}},"image":{"@type":"ImageObject","@id":"https:\/\/www.cadd.cz\/wp-content\/uploads\/fffff_10.jpg","url":"https:\/\/www.cadd.cz\/wp-content\/uploads\/fffff_10.jpg","height":0,"width":0},"keywords":null},{"@type":"Article","@id":"https:\/\/www.cadd.cz\/jak-vyresit-problemy-s-vodou-v-domacnosti\/","headline":"Jak vy\u0159e\u0161it probl\u00e9my s vodou v dom\u00e1cnosti","url":"https:\/\/www.cadd.cz\/jak-vyresit-problemy-s-vodou-v-domacnosti\/","datePublished":"2022-09-18","dateModified":"2022-09-18","mainEntityOfPage":"https:\/\/www.cadd.cz\/jak-vyresit-problemy-s-vodou-v-domacnosti\/","author":{"@type":"Person","@id":"https:\/\/www.cadd.cz\/author\/#Person","name":"","url":"https:\/\/www.cadd.cz\/author\/","identifier":1,"image":{"@type":"ImageObject","@id":"https:\/\/secure.gravatar.com\/avatar\/8eaf08ef5a7e54fc91db02b2058b03bc913caaaa39c046819bbf43d06bd23c2b?s=96&d=mm&r=g","url":"https:\/\/secure.gravatar.com\/avatar\/8eaf08ef5a7e54fc91db02b2058b03bc913caaaa39c046819bbf43d06bd23c2b?s=96&d=mm&r=g","height":96,"width":96}},"publisher":{"@type":"Organization","name":"cadd.cz","logo":{"@type":"ImageObject","@id":"\/logo.png","url":"\/logo.png","width":600,"height":60}},"image":{"@type":"ImageObject","@id":"https:\/\/www.cadd.cz\/wp-content\/uploads\/plumber-g21cf935b3_1920.jpg","url":"https:\/\/www.cadd.cz\/wp-content\/uploads\/plumber-g21cf935b3_1920.jpg","height":0,"width":0},"keywords":null}]}