[{"@context":"https:\/\/schema.org\/","@type":"Article","@id":"https:\/\/www.cadd.cz\/do-ceho-oblekat-miminko\/#Article","mainEntityOfPage":"https:\/\/www.cadd.cz\/do-ceho-oblekat-miminko\/","headline":"Do \u010deho obl\u00e9kat miminko","name":"Do \u010deho obl\u00e9kat miminko","description":"P\u0159ed narozen\u00edm d\u00edt\u011bte rodi\u010de p\u0159em\u00fd\u0161l\u00ed co by nem\u011blo chyb\u011bt v jeho v\u00fdbavi\u010dce. Je jasn\u00e9 \u017ee by v n\u00ed nem\u011bly chyb\u011bt p\u0159ebalovac\u00ed pot\u0159eby a tak\u00e9 oble\u010den\u00ed. Jen\u017ee u oble\u010den\u00ed nast\u00e1v\u00e1 ten probl\u00e9m, \u017ee v\u00fdrobc\u016f d\u011btsk\u00e9ho oble\u010den\u00ed je opravdu hodn\u011b. M\u00f3dn\u00ed trendy se nevyskytuj\u00ed jen v oble\u010den\u00ed pro dosp\u011bl\u00e9, ale tak\u00e9 v oble\u010den\u00ed pro nejmen\u0161\u00ed. A zejm\u00e9na [&hellip;]","datePublished":"2023-07-15","dateModified":"2023-08-17","author":{"@type":"Person","@id":"https:\/\/www.cadd.cz\/author\/#Person","name":"","url":"https:\/\/www.cadd.cz\/author\/","identifier":1,"image":{"@type":"ImageObject","@id":"https:\/\/secure.gravatar.com\/avatar\/8eaf08ef5a7e54fc91db02b2058b03bc913caaaa39c046819bbf43d06bd23c2b?s=96&d=mm&r=g","url":"https:\/\/secure.gravatar.com\/avatar\/8eaf08ef5a7e54fc91db02b2058b03bc913caaaa39c046819bbf43d06bd23c2b?s=96&d=mm&r=g","height":96,"width":96}},"publisher":{"@type":"Organization","name":"cadd.cz","logo":{"@type":"ImageObject","@id":"\/logo.png","url":"\/logo.png","width":600,"height":60}},"image":{"@type":"ImageObject","@id":"https:\/\/www.cadd.cz\/wp-content\/uploads\/baby-4674377_640_5.jpg","url":"https:\/\/www.cadd.cz\/wp-content\/uploads\/baby-4674377_640_5.jpg","height":0,"width":0},"url":"https:\/\/www.cadd.cz\/do-ceho-oblekat-miminko\/","about":["V\u00fdrobky"],"wordCount":411,"articleBody":"   P\u0159ed narozen\u00edm d\u00edt\u011bte rodi\u010de p\u0159em\u00fd\u0161l\u00ed co by nem\u011blo chyb\u011bt v jeho v\u00fdbavi\u010dce. Je jasn\u00e9 \u017ee by v n\u00ed nem\u011bly chyb\u011bt p\u0159ebalovac\u00ed pot\u0159eby a tak\u00e9 oble\u010den\u00ed. Jen\u017ee u oble\u010den\u00ed nast\u00e1v\u00e1 ten probl\u00e9m, \u017ee v\u00fdrobc\u016f d\u011btsk\u00e9ho oble\u010den\u00ed je opravdu hodn\u011b. M\u00f3dn\u00ed trendy se nevyskytuj\u00ed jen v oble\u010den\u00ed pro dosp\u011bl\u00e9, ale tak\u00e9 v oble\u010den\u00ed pro nejmen\u0161\u00ed. A zejm\u00e9na maminky by nejrad\u011bji kupovaly drah\u00e9 zna\u010dky. Je pot\u0159eba si uv\u011bdomit \u017ee drah\u00e9 nerovn\u00e1 se automaticky nejkvalitn\u011bj\u0161\u00ed. Kvalitn\u00ed oble\u010den\u00ed pro miminka se\u017eenete i bez zna\u010dky za lep\u0161\u00ed cenu a hlavn\u011b ve velmi dobr\u00e9 kvalit\u011b.Jak\u00e9 oble\u010den\u00ed nekupovat? V sou\u010dasn\u00e9 dob\u011b jsou pom\u011brn\u011b m\u00f3dn\u00ed aplikace na prodej zbo\u017e\u00ed z \u010c\u00edny, kde uvid\u00edte na fotk\u00e1ch spousty kr\u00e1sn\u00e9ho d\u011btsk\u00e9ho oble\u010den\u00ed. Bohu\u017eel jak v\u0161ichni tu\u0161\u00edme, realita se velmi \u010dasto diametr\u00e1ln\u011b li\u0161\u00ed od obr\u00e1zk\u016f nab\u00edzen\u00e9ho zbo\u017e\u00ed. M\u00edsto jemn\u00e9 bavln\u011bn\u00e9 plenky n\u00e1m p\u0159ijde doslova struhadlo, kter\u00fdm by se rozhodn\u011b miminko ut\u00edrat nem\u011blo. Pokud se rozhodnete \u017ee n\u011bco pro sv\u00e9 dv\u011b koup\u00edte ze zahrani\u010d\u00ed, ur\u010dit\u011b se d\u00edvejte na recenze. Nejlep\u0161\u00ed je nakupovat u m\u00edstn\u00edch obchodn\u00edk\u016f. Oble\u010den\u00ed z podobn\u00fdch aplikac\u00ed je \u010dasto nepou\u017eiteln\u00e9, proto\u017ee \u0161kr\u00e1be u\u017e p\u0159i tuh\u00e9m dotyku. A pokud \u0161kr\u00e1be v\u00e1s jako dosp\u011bl\u00e9ho, jak by v n\u011bm bylo miminku?Pro jemnou d\u011btskou poko\u017eku jsou nejlep\u0161\u00ed kousky z mu\u0161el\u00ednu, 100% bavlny a bambusu. Oble\u010den\u00ed by nem\u011blo obsahovat \u017e\u00e1dn\u00e9 p\u0159\u00edm\u011bsi minim\u00e1ln\u011b v prvn\u00edm p\u016fl roce \u017eivota. \u010c\u00edm jemn\u011bj\u0161\u00ed l\u00e1tka, t\u00edm l\u00e9pe. Faktem je \u017ee jemnou d\u011btskou poko\u017eku po\u0161kr\u00e1be um\u011bl\u00e1 l\u00e1tka, a proto byste takov\u00e9 oble\u010den\u00ed pou\u017e\u00edvat nem\u011bli.Nen\u00ed t\u0159eba kupovat zna\u010dkov\u00e9 oble\u010den\u00ed Mal\u00e9 d\u011bti maj\u00ed velkou spot\u0159ebu oble\u010den\u00ed. Nejen rostou, ale tak\u00e9 si oble\u010den\u00ed postupem v\u011bku za\u0161pin\u00ed nebo roztrhnou. Proto je lep\u0161\u00ed kupovat kvalitn\u00ed ale levn\u00e9 oble\u010den\u00ed, kter\u00e9 se nevytah\u00e1 a bude hezk\u00e9 i pro dal\u0161\u00edho sourozence. Ani u zna\u010dkov\u00e9ho oble\u010den\u00ed u\u017e dnes nem\u00e1te zaru\u010deno \u017ee bude tak kvalitn\u00ed jak v\u00fdrobce tvrd\u00ed.                                                                                                                                                                                                                                                                                                                                                                                          4.3\/5 - (7 votes)        "},{"@context":"https:\/\/schema.org\/","@type":"BreadcrumbList","itemListElement":[{"@type":"ListItem","position":1,"name":"Do \u010deho obl\u00e9kat miminko","item":"https:\/\/www.cadd.cz\/do-ceho-oblekat-miminko\/#breadcrumbitem"}]}]