[{"@context":"https:\/\/schema.org\/","@type":"Article","@id":"https:\/\/www.cadd.cz\/hudebni-koncert\/#Article","mainEntityOfPage":"https:\/\/www.cadd.cz\/hudebni-koncert\/","headline":"Hudebn\u00ed koncert","name":"Hudebn\u00ed koncert","description":"Za kulturou chod\u00ed opravdu hodn\u011b lid\u00ed. J\u00e1 sama jsem byla p\u0159ekvapen\u00e1, kolik zn\u00e1m lid\u00ed a kte\u0159\u00ed maj\u00ed r\u00e1di kulturu. Myslela jsem si, \u017ee j\u00e1 \u017eiji v takov\u00e9 spole\u010dnosti, kde lid\u00e9 pr\u00e1v\u011b v\u016fbec nechod\u00ed za kulturou anebo nemaj\u00ed kulturu ani tro\u0161ku r\u00e1di. Moje maminka t\u0159eba nem\u00e1 r\u00e1da kulturu, a to hlavn\u011b kv\u016fli tomu, \u017ee pr\u00fd kultura [&hellip;]","datePublished":"2024-05-28","dateModified":"2024-05-28","author":{"@type":"Person","@id":"https:\/\/www.cadd.cz\/author\/#Person","name":"","url":"https:\/\/www.cadd.cz\/author\/","identifier":1,"image":{"@type":"ImageObject","@id":"https:\/\/secure.gravatar.com\/avatar\/8eaf08ef5a7e54fc91db02b2058b03bc913caaaa39c046819bbf43d06bd23c2b?s=96&d=mm&r=g","url":"https:\/\/secure.gravatar.com\/avatar\/8eaf08ef5a7e54fc91db02b2058b03bc913caaaa39c046819bbf43d06bd23c2b?s=96&d=mm&r=g","height":96,"width":96}},"publisher":{"@type":"Organization","name":"cadd.cz","logo":{"@type":"ImageObject","@id":"\/logo.png","url":"\/logo.png","width":600,"height":60}},"image":{"@type":"ImageObject","@id":"https:\/\/www.cadd.cz\/wp-content\/uploads\/crowd-1056764_960_720_2.jpg","url":"https:\/\/www.cadd.cz\/wp-content\/uploads\/crowd-1056764_960_720_2.jpg","height":0,"width":0},"url":"https:\/\/www.cadd.cz\/hudebni-koncert\/","about":["Kultura"],"wordCount":421,"articleBody":"Za kulturou chod\u00ed opravdu hodn\u011b lid\u00ed. J\u00e1 sama jsem byla p\u0159ekvapen\u00e1, kolik zn\u00e1m lid\u00ed a kte\u0159\u00ed maj\u00ed r\u00e1di kulturu. Myslela jsem si, \u017ee j\u00e1 \u017eiji v takov\u00e9 spole\u010dnosti, kde lid\u00e9 pr\u00e1v\u011b v\u016fbec nechod\u00ed za kulturou anebo nemaj\u00ed kulturu ani tro\u0161ku r\u00e1di. Moje maminka t\u0159eba nem\u00e1 r\u00e1da kulturu, a to hlavn\u011b kv\u016fli tomu, \u017ee pr\u00fd kultura je velice drah\u00e1. J\u00e1 sama osobn\u011b s t\u00edmhle moc nesouhlas\u00edm. J\u00e1 sama jsem si \u0159ekla, \u017ee kdybych t\u0159eba tak\u00e9 m\u011bla chodit za kulturou, \u017ee bych na finance ani tak moc nehled\u011bla. Tedy samoz\u0159ejm\u011b, \u017ee kdybych m\u011bla j\u00edt za n\u011bjakou kulturou, kter\u00e1 stoj\u00ed tis\u00edce, tak bych si to asi rozmyslela.Nebo bych t\u0159eba nad t\u00edm opravdu siln\u011b uva\u017eovala a p\u0159em\u00fd\u0161lela, proto\u017ee vysolit t\u0159eba n\u011bkolik tis\u00edc za to, \u017ee jdu t\u0159eba na n\u011bjak\u00e9 dvouhodinov\u00e9 p\u0159edstaven\u00ed, tak by mi t\u011bch pen\u011bz asi bylo l\u00edto d\u00e1t, ale proto\u017ee miluji jednu \u010deskou kapelu, kter\u00e1 se jmenuje Kab\u00e1t, tak za tohle bych dala snad i p\u011bt tis\u00edc korun, na n\u00ed\u017e jsem je\u0161t\u011b nikdy v \u017eivot\u011b nebyla, ale moc m\u011b to zaj\u00edm\u00e1 a l\u00e1k\u00e1 m\u011b to. J\u00e1 jsem toti\u017e asi zat\u00edm nem\u011bla, s k\u00fdm na tohle p\u0159edstaven\u00ed j\u00edt, tedy na tenhle koncert, proto\u017ee moje kamar\u00e1dky a i moji rodi\u010de v\u016fbec nemaj\u00ed r\u00e1di \u017e\u00e1dn\u00e9 koncerty a u\u017e v\u016fbec ne tuhle rockovou kapelu.Na\u0161t\u011bst\u00ed jsem si ale p\u0159ed p\u016fl rokem na\u0161la partnera, kter\u00fd m\u00e1 tak\u00e9 r\u00e1d rock a \u0159\u00edkal, \u017ee a\u017e bude n\u011bkde n\u011bjak\u00fd koncert Kab\u00e1t\u016f, \u017ee my dva tam rozhodn\u011b mus\u00edme j\u00edt. \u017de i on pr\u00fd nebyl je\u0161t\u011b nikdy na t\u00e9hle kapele na \u017e\u00e1dn\u00e9m koncertu, tak\u017ee jsem docela r\u00e1da. T\u011b\u0161\u00ed m\u011b, \u017ee i on tam je\u0161t\u011b nikdy nebyl a \u017ee tak\u00e9 m\u00e1 r\u00e1d takovou kulturu, jakou m\u00e1m r\u00e1da kulturu j\u00e1. A mysl\u00edm si, \u017ee takhle, kdy\u017e dva lid\u00e9 se budou dopl\u0148ovat a budou m\u00edt stejn\u00e9 z\u00e1jmy nebo podobn\u00e9 kon\u00ed\u010dky, tak je to opravdu velik\u00e1 v\u00fdhra. Podle m\u00e9ho n\u00e1zoru je to v\u00fdhra skoro jako v loterii. Proto\u017ee takhle se lid\u00e9 alespo\u0148 nebudou h\u00e1dat a budou m\u00edt spole\u010dn\u00e9 kon\u00ed\u010dky. A to je d\u016fle\u017eit\u00e9.\u00a0                                                                                                                                                                                                                                                                                                                                                                                        4.8\/5 - (5 votes)        "},{"@context":"https:\/\/schema.org\/","@type":"BreadcrumbList","itemListElement":[{"@type":"ListItem","position":1,"name":"Hudebn\u00ed koncert","item":"https:\/\/www.cadd.cz\/hudebni-koncert\/#breadcrumbitem"}]}]