[{"@context":"https:\/\/schema.org\/","@type":"Article","@id":"https:\/\/www.cadd.cz\/nove-kryty\/#Article","mainEntityOfPage":"https:\/\/www.cadd.cz\/nove-kryty\/","headline":"Nov\u00e9 kryty","name":"Nov\u00e9 kryty","description":"Opravdu u\u017e p\u0159edpokl\u00e1d\u00e1m, \u017ee v dne\u0161n\u00ed dob\u011b m\u00e1 ka\u017ed\u00fd mobiln\u00ed telefon a je \u00fapln\u011b jedno jak\u00e9 je zna\u010dky. Ale hlavn\u011b jde o to, aby ka\u017ed\u00fd m\u011bl mobiln\u00ed telefon. Abych se p\u0159iznala, tak j\u00e1 osobn\u011b si u\u017e nedok\u00e1\u017ei p\u0159edstavit \u017eivot, \u017ee bych nem\u011bla u sebe mobiln\u00ed telefon. Jsem na mobiln\u00edm telefonu docela hodn\u011b z\u00e1visl\u00e1, proto\u017ee nejenom [&hellip;]","datePublished":"2023-09-25","dateModified":"2023-10-31","author":{"@type":"Person","@id":"https:\/\/www.cadd.cz\/author\/#Person","name":"","url":"https:\/\/www.cadd.cz\/author\/","identifier":1,"image":{"@type":"ImageObject","@id":"https:\/\/secure.gravatar.com\/avatar\/8eaf08ef5a7e54fc91db02b2058b03bc913caaaa39c046819bbf43d06bd23c2b?s=96&d=mm&r=g","url":"https:\/\/secure.gravatar.com\/avatar\/8eaf08ef5a7e54fc91db02b2058b03bc913caaaa39c046819bbf43d06bd23c2b?s=96&d=mm&r=g","height":96,"width":96}},"publisher":{"@type":"Organization","name":"cadd.cz","logo":{"@type":"ImageObject","@id":"\/logo.png","url":"\/logo.png","width":600,"height":60}},"image":{"@type":"ImageObject","@id":"https:\/\/www.cadd.cz\/wp-content\/uploads\/girl-1192032_1280_7.jpg","url":"https:\/\/www.cadd.cz\/wp-content\/uploads\/girl-1192032_1280_7.jpg","height":0,"width":0},"url":"https:\/\/www.cadd.cz\/nove-kryty\/","about":["V\u00fdrobky"],"wordCount":404,"articleBody":"   Opravdu u\u017e p\u0159edpokl\u00e1d\u00e1m, \u017ee v dne\u0161n\u00ed dob\u011b m\u00e1 ka\u017ed\u00fd mobiln\u00ed telefon a je \u00fapln\u011b jedno jak\u00e9 je zna\u010dky. Ale hlavn\u011b jde o to, aby ka\u017ed\u00fd m\u011bl mobiln\u00ed telefon. Abych se p\u0159iznala, tak j\u00e1 osobn\u011b si u\u017e nedok\u00e1\u017ei p\u0159edstavit \u017eivot, \u017ee bych nem\u011bla u sebe mobiln\u00ed telefon. Jsem na mobiln\u00edm telefonu docela hodn\u011b z\u00e1visl\u00e1, proto\u017ee nejenom na mobiln\u00edm telefonu hraj\u00ed r\u016fzn\u00e9 hry, kter\u00e9 m\u011b bav\u00ed a kde se tak\u00e9 vzd\u011bl\u00e1v\u00e1m, proto\u017ee na mobiln\u00edm telefonu m\u00e1m tak\u00e9 ulo\u017een\u00e9 jazykov\u00e9 kurzy, jako nap\u0159\u00edklad angli\u010dtinu anebo ital\u0161tinu. J\u00e1 sama jsem si obl\u00edbila mobiln\u00ed telefony iPhone. L\u00edb\u00ed se mi to, proto\u017ee jsou opravdu hodn\u011b kvalitn\u00ed a popul\u00e1rn\u00ed.A kdy\u017e se takhle kouk\u00e1m okolo, tak v\u0161ichni mlad\u00ed lid\u00e9 pr\u00e1v\u011b u\u017e\u00edvaj\u00ed mobiln\u00ed telefon iPhone. Tak\u00e9 jsem v\u017edycky cht\u011bla b\u00fdt origin\u00e1ln\u00ed kryt na iPhone, a proto\u017ee m\u00e1m telefon SE 2020, tak jsem cht\u011bla n\u011bjak\u00fd kr\u00e1sn\u00fd kryt na iPhone SE 2020 Ipouzdro. Moje kamar\u00e1dka mi doporu\u010dila opravdu jednu webovou str\u00e1nku, kde prod\u00e1vaj\u00ed opravdu n\u00e1dhern\u00e9 kryty na iPhone. Ihned jsem se na tuto webovou str\u00e1nku musela pod\u00edvat, proto\u017ee jsem opravdu sp\u011bchala na nov\u00fd kryt na iPhone, proto\u017ee m\u016fj star\u00fd kryt je na tento mobiln\u00ed telefon u\u017e byl opravdu hodn\u011b rozbit\u00fd. A u\u017e z n\u011bj lezly takov\u00e9 prov\u00e1zky a byl u\u017e otlu\u010den\u00fd. M\u011bla jsem ho dva roky, tak\u017ee je jasn\u00e9, \u017ee takto nevydr\u017e\u00ed nav\u011bky. A kdy\u017e jsem se potom pod\u00edvala na zm\u00edn\u011bn\u00e9 webov\u00e9 str\u00e1nky, tak jsem opravdu byla nad\u0161en\u00e1. M\u011bli tam tak opravdu kr\u00e1sn\u00e9 kryty na iPhone SE 2020, \u017ee jsem tomu ani nemohla uv\u011b\u0159it. V\u00e1\u017en\u011b jsem si nemohla vybrat jenom jeden kryt na iPhone, tak jsem si je vybrala rad\u011bji dva. Ale \u0159ekla jsem si, \u017ee je vlastn\u011b m\u016f\u017eu st\u0159\u00eddat podle n\u00e1lady. Vybrala jsem si klasicky \u010dern\u00fd, takov\u00fd neutr\u00e1ln\u00ed a potom druh\u00fd takov\u00fd v\u00fdrazn\u00fd r\u016f\u017eov\u00fd, proto\u017ee m\u00e1m r\u00e1da r\u016f\u017eovou barvu. Mysl\u00edm si, \u017ee se bude l\u00edbit opravdu v\u0161em a m\u00e1m r\u00e1da, kdy\u017e m\u016f\u017eu n\u011bkde zaz\u00e1\u0159it, aby r\u016f\u017eov\u00e1 barva na iPhone opravdu kr\u00e1sn\u011b sv\u00edtila.                                                                                                                                                                                                                                                                                                                                                                                           4.3\/5 - (6 votes)        "},{"@context":"https:\/\/schema.org\/","@type":"BreadcrumbList","itemListElement":[{"@type":"ListItem","position":1,"name":"Nov\u00e9 kryty","item":"https:\/\/www.cadd.cz\/nove-kryty\/#breadcrumbitem"}]}]