[{"@context":"https:\/\/schema.org\/","@type":"Article","@id":"https:\/\/www.cadd.cz\/svatbu-oslavte-radeji-venku\/#Article","mainEntityOfPage":"https:\/\/www.cadd.cz\/svatbu-oslavte-radeji-venku\/","headline":"Svatbu oslavte rad\u011bji venku","name":"Svatbu oslavte rad\u011bji venku","description":"Svatba. Nejkr\u00e1sn\u011bj\u0161\u00ed den v \u017eivot\u011b. Na svatbu lid\u00e9 vzpom\u00ednaj\u00ed v dobr\u00e9m des\u00edtky let, a to i tehdy, jsou-li d\u00e1vno po rozvodu a maj\u00ed za sebou ji\u017e druh\u00fd s\u0148atek. Svatebn\u00ed ob\u0159ad toti\u017e b\u00fdv\u00e1 velmi p\u016fsobiv\u00fd a v tomto okam\u017eiku jste pr\u00e1v\u011b vy v centru d\u011bn\u00ed a v\u0161e se tak\u00e9 kolem v\u00e1s to\u010d\u00ed. Nev\u011bsta a \u017eenich jsou [&hellip;]","datePublished":"2023-07-20","dateModified":"2023-09-20","author":{"@type":"Person","@id":"https:\/\/www.cadd.cz\/author\/#Person","name":"","url":"https:\/\/www.cadd.cz\/author\/","identifier":1,"image":{"@type":"ImageObject","@id":"https:\/\/secure.gravatar.com\/avatar\/8eaf08ef5a7e54fc91db02b2058b03bc913caaaa39c046819bbf43d06bd23c2b?s=96&d=mm&r=g","url":"https:\/\/secure.gravatar.com\/avatar\/8eaf08ef5a7e54fc91db02b2058b03bc913caaaa39c046819bbf43d06bd23c2b?s=96&d=mm&r=g","height":96,"width":96}},"publisher":{"@type":"Organization","name":"cadd.cz","logo":{"@type":"ImageObject","@id":"\/logo.png","url":"\/logo.png","width":600,"height":60}},"image":{"@type":"ImageObject","@id":"https:\/\/www.cadd.cz\/wp-content\/uploads\/wedding-2595862_640.jpg","url":"https:\/\/www.cadd.cz\/wp-content\/uploads\/wedding-2595862_640.jpg","height":0,"width":0},"url":"https:\/\/www.cadd.cz\/svatbu-oslavte-radeji-venku\/","about":["Byznys"],"wordCount":437,"articleBody":"      Svatba. Nejkr\u00e1sn\u011bj\u0161\u00ed den v \u017eivot\u011b. Na svatbu lid\u00e9 vzpom\u00ednaj\u00ed v dobr\u00e9m des\u00edtky let, a to i tehdy, jsou-li d\u00e1vno po rozvodu a maj\u00ed za sebou ji\u017e druh\u00fd s\u0148atek. Svatebn\u00ed ob\u0159ad toti\u017e b\u00fdv\u00e1 velmi p\u016fsobiv\u00fd a v tomto okam\u017eiku jste pr\u00e1v\u011b vy v centru d\u011bn\u00ed a v\u0161e se tak\u00e9 kolem v\u00e1s to\u010d\u00ed. Nev\u011bsta a \u017eenich jsou nejsledovan\u011bj\u0161\u00edmi osobami, co\u017e n\u011bkomu m\u016f\u017ee vyhovovat, jin\u00e9mu t\u0159eba ne, ale ka\u017edop\u00e1dn\u011b se na v\u00e1s nikdo nebude zlobit, nebude v\u00e1m nad\u00e1vat a vyvol\u00e1vat h\u00e1dky a konflikty, nap\u0159\u00edklad jako v bytov\u00fdch domech, kdy potk\u00e1te sousedy na chodb\u011b a ti v\u00e1m vy\u010dtou, \u017ee jste zas zapomn\u011bli vyt\u0159\u00edt schodi\u0161t\u011b.Svatebn\u00ed oslava m\u016f\u017ee prob\u00edhat v podstat\u011b kdekoli, a m\u00e1te-li dostatek fantazie a organiza\u010dn\u00edch schopnost\u00ed, mohli byste ji uspo\u0159\u00e1dat t\u0159eba na parn\u00edku nebo v are\u00e1lu z\u00e1meck\u00e9 zahrady. Co bychom v\u00e1m v\u0161ak r\u00e1di nazna\u010dili, je v\u00fdhoda klidn\u00e9ho horsk\u00e9ho prost\u0159ed\u00ed s n\u00e1dhern\u00fdm v\u00fdhledem do \u00fadol\u00ed. Co\u017e takhle pronajmout si horskou chalupu s p\u0159ilehlou loukou a vyu\u017e\u00edt pron\u00e1jmu p\u00e1rty stan\u016f na svatbu https:\/\/www.partystanyaz.cz\/pronajem.html. Stan vzty\u010d\u00edte v sousedstv\u00ed chaty a cel\u00e1 akce m\u016f\u017ee prob\u00edhat venku pod \u0161ir\u00fdm nebem. A v\u00fdhledy do krajiny, jako jsou nap\u0159\u00edklad v Mal\u00e9 \u00dap\u011b, na P\u011bnkav\u010d\u00edm vrchu \u010di v Rokytnici nad Jizerou v Krkono\u0161\u00edch, anebo na \u0160umav\u011b v lokalit\u011b Jelen\u00edch vrch\u016f, budou nezapomenuteln\u00fdm z\u00e1\u017eitkem na cel\u00fd \u017eivot.P\u00e1rty stany zabezpe\u010d\u00ed prostor p\u0159ed pov\u011btrnostn\u00edmi vlivy, zejm\u00e9na p\u0159ed de\u0161\u0165ov\u00fdmi p\u0159eh\u00e1\u0148kami, ochr\u00e1n\u00ed ob\u010derstven\u00ed p\u0159ed prachem a v\u011btrem a stan lze vyu\u017e\u00edvat jak pro do\u010dasn\u00fd pobyt p\u0159i nep\u0159\u00edzni po\u010das\u00ed, anebo jako stabiln\u00ed p\u0159\u00edst\u0159e\u0161ek, kter\u00fd v\u00e1s chr\u00e1n\u00ed p\u0159ed ostr\u00fdm horsk\u00fdm sluncem. V\u00fdhodou oslav pod \u0161ir\u00fdm nebem je zejm\u00e9na nen\u00e1ro\u010dnost, co se t\u00fd\u010de vybaven\u00ed, vysta\u010d\u00edte s plastov\u00fdm n\u00e1bytkem a jednor\u00e1zov\u00fdmi tal\u00ed\u0159i \u010di p\u0159\u00edbory a nemus\u00edte m\u00edt obavy, \u017ee by n\u011bkdo z host\u016f po\u0161kodil vnit\u0159n\u00ed invent\u00e1\u0159, co\u017e b\u00fdv\u00e1 probl\u00e9m u svateb, organizovan\u00fdch v interi\u00e9rech. Pamatujte na to, \u017ee na svatb\u00e1ch se tak\u00e9 n\u011bkte\u0159\u00ed host\u00e9 opij\u00ed, a mohou zp\u016fsobit r\u016fzn\u00e9 nep\u0159\u00edjemnosti.                                                                                                                                                                                                                                                                                                                                                                                           4.5\/5 - (8 votes)        "},{"@context":"https:\/\/schema.org\/","@type":"BreadcrumbList","itemListElement":[{"@type":"ListItem","position":1,"name":"Svatbu oslavte rad\u011bji venku","item":"https:\/\/www.cadd.cz\/svatbu-oslavte-radeji-venku\/#breadcrumbitem"}]}]