{"@context":"https:\/\/schema.org\/","@type":"CollectionPage","@id":"https:\/\/www.cadd.cz\/vyrobky\/#CollectionPage","headline":"V\u00fdrobky Category","description":"","url":"https:\/\/www.cadd.cz\/vyrobky\/","hasPart":[{"@type":"Article","@id":"https:\/\/www.cadd.cz\/jak-vypadat-mladsi\/","headline":"Jak vypadat mlad\u0161\u00ed?","url":"https:\/\/www.cadd.cz\/jak-vypadat-mladsi\/","datePublished":"2023-08-25","dateModified":"2023-09-27","mainEntityOfPage":"https:\/\/www.cadd.cz\/jak-vypadat-mladsi\/","author":{"@type":"Person","@id":"https:\/\/www.cadd.cz\/author\/#Person","name":"","url":"https:\/\/www.cadd.cz\/author\/","identifier":1,"image":{"@type":"ImageObject","@id":"https:\/\/secure.gravatar.com\/avatar\/8eaf08ef5a7e54fc91db02b2058b03bc913caaaa39c046819bbf43d06bd23c2b?s=96&d=mm&r=g","url":"https:\/\/secure.gravatar.com\/avatar\/8eaf08ef5a7e54fc91db02b2058b03bc913caaaa39c046819bbf43d06bd23c2b?s=96&d=mm&r=g","height":96,"width":96}},"publisher":{"@type":"Organization","name":"cadd.cz","logo":{"@type":"ImageObject","@id":"\/logo.png","url":"\/logo.png","width":600,"height":60}},"image":{"@type":"ImageObject","@id":"https:\/\/www.cadd.cz\/wp-content\/uploads\/rafaella-mendes-diniz-AoL-mVxprmk-unsplash.jpg","url":"https:\/\/www.cadd.cz\/wp-content\/uploads\/rafaella-mendes-diniz-AoL-mVxprmk-unsplash.jpg","height":0,"width":0},"keywords":null},{"@type":"Article","@id":"https:\/\/www.cadd.cz\/zabradli-ze-skla\/","headline":"Z\u00e1bradl\u00ed ze skla","url":"https:\/\/www.cadd.cz\/zabradli-ze-skla\/","datePublished":"2023-08-22","dateModified":"2023-10-17","mainEntityOfPage":"https:\/\/www.cadd.cz\/zabradli-ze-skla\/","author":{"@type":"Person","@id":"https:\/\/www.cadd.cz\/author\/#Person","name":"","url":"https:\/\/www.cadd.cz\/author\/","identifier":1,"image":{"@type":"ImageObject","@id":"https:\/\/secure.gravatar.com\/avatar\/8eaf08ef5a7e54fc91db02b2058b03bc913caaaa39c046819bbf43d06bd23c2b?s=96&d=mm&r=g","url":"https:\/\/secure.gravatar.com\/avatar\/8eaf08ef5a7e54fc91db02b2058b03bc913caaaa39c046819bbf43d06bd23c2b?s=96&d=mm&r=g","height":96,"width":96}},"publisher":{"@type":"Organization","name":"cadd.cz","logo":{"@type":"ImageObject","@id":"\/logo.png","url":"\/logo.png","width":600,"height":60}},"image":{"@type":"ImageObject","@id":"https:\/\/www.cadd.cz\/wp-content\/uploads\/shopping-center-318602_1280.jpg","url":"https:\/\/www.cadd.cz\/wp-content\/uploads\/shopping-center-318602_1280.jpg","height":0,"width":0},"keywords":null},{"@type":"Article","@id":"https:\/\/www.cadd.cz\/jde-to-i-bez-podprsenky-zakryjte-sve-bradavky-pouhymi-nalepkami\/","headline":"Jde to i bez podprsenky &#8211; zakryjte sv\u00e9 bradavky pouh\u00fdmi n\u00e1lepkami","url":"https:\/\/www.cadd.cz\/jde-to-i-bez-podprsenky-zakryjte-sve-bradavky-pouhymi-nalepkami\/","datePublished":"2023-08-20","dateModified":"2024-06-03","mainEntityOfPage":"https:\/\/www.cadd.cz\/jde-to-i-bez-podprsenky-zakryjte-sve-bradavky-pouhymi-nalepkami\/","author":{"@type":"Person","@id":"https:\/\/www.cadd.cz\/author\/#Person","name":"","url":"https:\/\/www.cadd.cz\/author\/","identifier":1,"image":{"@type":"ImageObject","@id":"https:\/\/secure.gravatar.com\/avatar\/8eaf08ef5a7e54fc91db02b2058b03bc913caaaa39c046819bbf43d06bd23c2b?s=96&d=mm&r=g","url":"https:\/\/secure.gravatar.com\/avatar\/8eaf08ef5a7e54fc91db02b2058b03bc913caaaa39c046819bbf43d06bd23c2b?s=96&d=mm&r=g","height":96,"width":96}},"publisher":{"@type":"Organization","name":"cadd.cz","logo":{"@type":"ImageObject","@id":"\/logo.png","url":"\/logo.png","width":600,"height":60}},"image":{"@type":"ImageObject","@id":"https:\/\/www.cadd.cz\/wp-content\/uploads\/adult-1869008_640.jpg","url":"https:\/\/www.cadd.cz\/wp-content\/uploads\/adult-1869008_640.jpg","height":0,"width":0},"keywords":null},{"@type":"Article","@id":"https:\/\/www.cadd.cz\/zarizujete-si-vsechno-sami\/","headline":"Za\u0159izujete si v\u0161echno sami?","url":"https:\/\/www.cadd.cz\/zarizujete-si-vsechno-sami\/","datePublished":"2023-08-20","dateModified":"2023-09-20","mainEntityOfPage":"https:\/\/www.cadd.cz\/zarizujete-si-vsechno-sami\/","author":{"@type":"Person","@id":"https:\/\/www.cadd.cz\/author\/#Person","name":"","url":"https:\/\/www.cadd.cz\/author\/","identifier":1,"image":{"@type":"ImageObject","@id":"https:\/\/secure.gravatar.com\/avatar\/8eaf08ef5a7e54fc91db02b2058b03bc913caaaa39c046819bbf43d06bd23c2b?s=96&d=mm&r=g","url":"https:\/\/secure.gravatar.com\/avatar\/8eaf08ef5a7e54fc91db02b2058b03bc913caaaa39c046819bbf43d06bd23c2b?s=96&d=mm&r=g","height":96,"width":96}},"publisher":{"@type":"Organization","name":"cadd.cz","logo":{"@type":"ImageObject","@id":"\/logo.png","url":"\/logo.png","width":600,"height":60}},"image":{"@type":"ImageObject","@id":"https:\/\/www.cadd.cz\/wp-content\/uploads\/par_3.jpg","url":"https:\/\/www.cadd.cz\/wp-content\/uploads\/par_3.jpg","height":0,"width":0},"keywords":null},{"@type":"Article","@id":"https:\/\/www.cadd.cz\/dekorace-na-krk\/","headline":"Dekorace na krk","url":"https:\/\/www.cadd.cz\/dekorace-na-krk\/","datePublished":"2023-08-14","dateModified":"2023-09-14","mainEntityOfPage":"https:\/\/www.cadd.cz\/dekorace-na-krk\/","author":{"@type":"Person","@id":"https:\/\/www.cadd.cz\/author\/#Person","name":"","url":"https:\/\/www.cadd.cz\/author\/","identifier":1,"image":{"@type":"ImageObject","@id":"https:\/\/secure.gravatar.com\/avatar\/8eaf08ef5a7e54fc91db02b2058b03bc913caaaa39c046819bbf43d06bd23c2b?s=96&d=mm&r=g","url":"https:\/\/secure.gravatar.com\/avatar\/8eaf08ef5a7e54fc91db02b2058b03bc913caaaa39c046819bbf43d06bd23c2b?s=96&d=mm&r=g","height":96,"width":96}},"publisher":{"@type":"Organization","name":"cadd.cz","logo":{"@type":"ImageObject","@id":"\/logo.png","url":"\/logo.png","width":600,"height":60}},"image":{"@type":"ImageObject","@id":"https:\/\/www.cadd.cz\/wp-content\/uploads\/office-4962112_1280.jpg","url":"https:\/\/www.cadd.cz\/wp-content\/uploads\/office-4962112_1280.jpg","height":0,"width":0},"keywords":null},{"@type":"Article","@id":"https:\/\/www.cadd.cz\/k-cemu-slouzi-rektifikacni-terce\/","headline":"K \u010demu slou\u017e\u00ed rektifika\u010dn\u00ed ter\u010de","url":"https:\/\/www.cadd.cz\/k-cemu-slouzi-rektifikacni-terce\/","datePublished":"2023-07-21","dateModified":"2023-08-21","mainEntityOfPage":"https:\/\/www.cadd.cz\/k-cemu-slouzi-rektifikacni-terce\/","author":{"@type":"Person","@id":"https:\/\/www.cadd.cz\/author\/#Person","name":"","url":"https:\/\/www.cadd.cz\/author\/","identifier":1,"image":{"@type":"ImageObject","@id":"https:\/\/secure.gravatar.com\/avatar\/8eaf08ef5a7e54fc91db02b2058b03bc913caaaa39c046819bbf43d06bd23c2b?s=96&d=mm&r=g","url":"https:\/\/secure.gravatar.com\/avatar\/8eaf08ef5a7e54fc91db02b2058b03bc913caaaa39c046819bbf43d06bd23c2b?s=96&d=mm&r=g","height":96,"width":96}},"publisher":{"@type":"Organization","name":"cadd.cz","logo":{"@type":"ImageObject","@id":"\/logo.png","url":"\/logo.png","width":600,"height":60}},"image":{"@type":"ImageObject","@id":"https:\/\/www.cadd.cz\/wp-content\/uploads\/terasa1_1.jpg","url":"https:\/\/www.cadd.cz\/wp-content\/uploads\/terasa1_1.jpg","height":0,"width":0},"keywords":null},{"@type":"Article","@id":"https:\/\/www.cadd.cz\/kde-uplatnite-kanystr-na-pitnou-vodu\/","headline":"Kde uplatn\u00edte kanystr na pitnou vodu","url":"https:\/\/www.cadd.cz\/kde-uplatnite-kanystr-na-pitnou-vodu\/","datePublished":"2023-07-21","dateModified":"2023-09-20","mainEntityOfPage":"https:\/\/www.cadd.cz\/kde-uplatnite-kanystr-na-pitnou-vodu\/","author":{"@type":"Person","@id":"https:\/\/www.cadd.cz\/author\/#Person","name":"","url":"https:\/\/www.cadd.cz\/author\/","identifier":1,"image":{"@type":"ImageObject","@id":"https:\/\/secure.gravatar.com\/avatar\/8eaf08ef5a7e54fc91db02b2058b03bc913caaaa39c046819bbf43d06bd23c2b?s=96&d=mm&r=g","url":"https:\/\/secure.gravatar.com\/avatar\/8eaf08ef5a7e54fc91db02b2058b03bc913caaaa39c046819bbf43d06bd23c2b?s=96&d=mm&r=g","height":96,"width":96}},"publisher":{"@type":"Organization","name":"cadd.cz","logo":{"@type":"ImageObject","@id":"\/logo.png","url":"\/logo.png","width":600,"height":60}},"image":{"@type":"ImageObject","@id":"https:\/\/www.cadd.cz\/wp-content\/uploads\/water-1632785_640.jpg","url":"https:\/\/www.cadd.cz\/wp-content\/uploads\/water-1632785_640.jpg","height":0,"width":0},"keywords":null},{"@type":"Article","@id":"https:\/\/www.cadd.cz\/teplena-cerpadla-a-proc-je-dobre-ho-mit\/","headline":"Teplen\u00e1 \u010derpadla a pro\u010d je dobr\u00e9 ho m\u00edt.","url":"https:\/\/www.cadd.cz\/teplena-cerpadla-a-proc-je-dobre-ho-mit\/","datePublished":"2023-07-18","dateModified":"2024-01-31","mainEntityOfPage":"https:\/\/www.cadd.cz\/teplena-cerpadla-a-proc-je-dobre-ho-mit\/","author":{"@type":"Person","@id":"https:\/\/www.cadd.cz\/author\/#Person","name":"","url":"https:\/\/www.cadd.cz\/author\/","identifier":1,"image":{"@type":"ImageObject","@id":"https:\/\/secure.gravatar.com\/avatar\/8eaf08ef5a7e54fc91db02b2058b03bc913caaaa39c046819bbf43d06bd23c2b?s=96&d=mm&r=g","url":"https:\/\/secure.gravatar.com\/avatar\/8eaf08ef5a7e54fc91db02b2058b03bc913caaaa39c046819bbf43d06bd23c2b?s=96&d=mm&r=g","height":96,"width":96}},"publisher":{"@type":"Organization","name":"cadd.cz","logo":{"@type":"ImageObject","@id":"\/logo.png","url":"\/logo.png","width":600,"height":60}},"image":{"@type":"ImageObject","@id":"https:\/\/www.cadd.cz\/wp-content\/uploads\/heat-pumps-393059_640%20(1).jpg","url":"https:\/\/www.cadd.cz\/wp-content\/uploads\/heat-pumps-393059_640%20(1).jpg","height":0,"width":0},"keywords":null},{"@type":"Article","@id":"https:\/\/www.cadd.cz\/jak-spravne-pouzivat-sacky-se-zipem\/","headline":"Jak spr\u00e1vn\u011b pou\u017e\u00edvat s\u00e1\u010dky se zipem","url":"https:\/\/www.cadd.cz\/jak-spravne-pouzivat-sacky-se-zipem\/","datePublished":"2023-07-15","dateModified":"2023-08-17","mainEntityOfPage":"https:\/\/www.cadd.cz\/jak-spravne-pouzivat-sacky-se-zipem\/","author":{"@type":"Person","@id":"https:\/\/www.cadd.cz\/author\/#Person","name":"","url":"https:\/\/www.cadd.cz\/author\/","identifier":1,"image":{"@type":"ImageObject","@id":"https:\/\/secure.gravatar.com\/avatar\/8eaf08ef5a7e54fc91db02b2058b03bc913caaaa39c046819bbf43d06bd23c2b?s=96&d=mm&r=g","url":"https:\/\/secure.gravatar.com\/avatar\/8eaf08ef5a7e54fc91db02b2058b03bc913caaaa39c046819bbf43d06bd23c2b?s=96&d=mm&r=g","height":96,"width":96}},"publisher":{"@type":"Organization","name":"cadd.cz","logo":{"@type":"ImageObject","@id":"\/logo.png","url":"\/logo.png","width":600,"height":60}},"image":{"@type":"ImageObject","@id":"https:\/\/www.cadd.cz\/wp-content\/uploads\/sacek1_2.jpg","url":"https:\/\/www.cadd.cz\/wp-content\/uploads\/sacek1_2.jpg","height":0,"width":0},"keywords":null},{"@type":"Article","@id":"https:\/\/www.cadd.cz\/do-ceho-oblekat-miminko\/","headline":"Do \u010deho obl\u00e9kat miminko","url":"https:\/\/www.cadd.cz\/do-ceho-oblekat-miminko\/","datePublished":"2023-07-15","dateModified":"2023-08-17","mainEntityOfPage":"https:\/\/www.cadd.cz\/do-ceho-oblekat-miminko\/","author":{"@type":"Person","@id":"https:\/\/www.cadd.cz\/author\/#Person","name":"","url":"https:\/\/www.cadd.cz\/author\/","identifier":1,"image":{"@type":"ImageObject","@id":"https:\/\/secure.gravatar.com\/avatar\/8eaf08ef5a7e54fc91db02b2058b03bc913caaaa39c046819bbf43d06bd23c2b?s=96&d=mm&r=g","url":"https:\/\/secure.gravatar.com\/avatar\/8eaf08ef5a7e54fc91db02b2058b03bc913caaaa39c046819bbf43d06bd23c2b?s=96&d=mm&r=g","height":96,"width":96}},"publisher":{"@type":"Organization","name":"cadd.cz","logo":{"@type":"ImageObject","@id":"\/logo.png","url":"\/logo.png","width":600,"height":60}},"image":{"@type":"ImageObject","@id":"https:\/\/www.cadd.cz\/wp-content\/uploads\/baby-4674377_640_5.jpg","url":"https:\/\/www.cadd.cz\/wp-content\/uploads\/baby-4674377_640_5.jpg","height":0,"width":0},"keywords":null}]}